{"id":2879,"date":"2025-03-14T16:58:49","date_gmt":"2025-03-14T15:58:49","guid":{"rendered":"https:\/\/granhotelcostadelsol.com\/marenostrum-fuengirola-2025-affiche-billets-et-comment-sy-rendre\/"},"modified":"2025-10-10T08:37:58","modified_gmt":"2025-10-10T06:37:58","slug":"marenostrum-fuengirola","status":"publish","type":"post","link":"https:\/\/granhotelcostadelsol.com\/fr\/marenostrum-fuengirola\/","title":{"rendered":"Marenostrum Fuengirola 2025 : Affiche, billets et comment s&rsquo;y rendre"},"content":{"rendered":"\n<p>Le Marenostrum 2025 de Fuengirola est <strong>l&rsquo;un des <\/strong> \u00e9v\u00e9nements les plus importants de l&rsquo;ann\u00e9e sur la Costa del Sol. <a href=\"https:\/\/granhotelcostadelsol.com\/fr\/blog-sur-la-costa-del-sol\/\"><strong>l&rsquo;un des \u00e9v\u00e9nements les plus importants de l&rsquo;ann\u00e9e sur la Costa del Sol.<\/strong><\/a>. Organis\u00e9 dans l&#8217;embl\u00e9matique salle en plein air situ\u00e9e \u00e0 c\u00f4t\u00e9 du ch\u00e2teau de Sohail, ce cycle de concerts offre une combinaison unique de musique en direct et d&rsquo;un cadre historique et maritime incomparable. Si vous avez l&rsquo;intention d&rsquo;y assister, vous trouverez ici toutes les informations n\u00e9cessaires pour profiter au mieux des concerts.  <\/p>\n\n<figure class=\"wp-block-image aligncenter size-full is-resized\"><img decoding=\"async\" width=\"1450\" height=\"1088\" src=\"https:\/\/granhotelcostadelsol.com\/wp-content\/uploads\/2025\/04\/concierto-marenostrum-fuengirola.jpg\" alt=\"Concert Marenostrum Fuengirola\" class=\"wp-image-2795\" style=\"width:637px;height:auto\" srcset=\"https:\/\/granhotelcostadelsol.com\/wp-content\/uploads\/2025\/04\/concierto-marenostrum-fuengirola.jpg 1450w, https:\/\/granhotelcostadelsol.com\/wp-content\/uploads\/2025\/04\/concierto-marenostrum-fuengirola-300x225.jpg 300w, https:\/\/granhotelcostadelsol.com\/wp-content\/uploads\/2025\/04\/concierto-marenostrum-fuengirola-1024x768.jpg 1024w, https:\/\/granhotelcostadelsol.com\/wp-content\/uploads\/2025\/04\/concierto-marenostrum-fuengirola-768x576.jpg 768w\" sizes=\"(max-width: 1450px) 100vw, 1450px\" \/><\/figure>\n\n<h2 class=\"wp-block-heading\"><strong><strong>Qu&rsquo;est-ce que le Marenostrum Fuengirola ?<\/strong><\/strong><\/h2>\n\n<p>Le Marenostrum Fuengirola est une s\u00e9rie de concerts organis\u00e9s chaque ann\u00e9e entre mai et septembre \u00e0 Fuengirola, Malaga. Depuis sa cr\u00e9ation, il a accueilli des artistes de renomm\u00e9e nationale et internationale, dans des genres allant de la pop et du rock \u00e0 la musique \u00e9lectronique et au flamenco. Sa situation privil\u00e9gi\u00e9e, avec la mer M\u00e9diterran\u00e9e en toile de fond et le ch\u00e2teau historique de Sohail comme t\u00e9moin, en fait un \u00e9v\u00e9nement unique en Espagne.  <\/p>\n\n<h2 class=\"wp-block-heading\"><strong>Affiche Marenostrum Fuengirola 2025<\/strong><\/h2>\n\n<p>La programmation du Marenostrum Fuengirola 2025 comprend une vari\u00e9t\u00e9 d&rsquo;artistes et de groupes prestigieux. Vous trouverez ci-dessous quelques-uns des concerts programm\u00e9s. <br\/><\/p>\n<div class=\"wp-block-uagb-faq uagb-faq__outer-wrap uagb-block-b5ef2c5c uagb-faq-icon-row uagb-faq-layout-accordion uagb-faq-expand-first-true uagb-faq-inactive-other-true uagb-faq__wrap uagb-buttons-layout-wrap uagb-faq-equal-height     \" data-faqtoggle=\"true\" role=\"tablist\"><div class=\"wp-block-uagb-faq-child uagb-faq-child__outer-wrap uagb-faq-item uagb-block-32ec3e4e \" role=\"tab\" tabindex=\"0\"><div class=\"uagb-faq-questions-button uagb-faq-questions\">\t\t\t<span class=\"uagb-icon uagb-faq-icon-wrap\">\n\t\t\t\t\t\t\t\t<svg xmlns=\"https:\/\/www.w3.org\/2000\/svg\" viewBox= \"0 0 448 512\"><path d=\"M432 256c0 17.69-14.33 32.01-32 32.01H256v144c0 17.69-14.33 31.99-32 31.99s-32-14.3-32-31.99v-144H48c-17.67 0-32-14.32-32-32.01s14.33-31.99 32-31.99H192v-144c0-17.69 14.33-32.01 32-32.01s32 14.32 32 32.01v144h144C417.7 224 432 238.3 432 256z\"><\/path><\/svg>\n\t\t\t\t\t\t\t<\/span>\n\t\t\t\t\t\t<span class=\"uagb-icon-active uagb-faq-icon-wrap\">\n\t\t\t\t\t\t\t\t<svg xmlns=\"https:\/\/www.w3.org\/2000\/svg\" viewBox= \"0 0 448 512\"><path d=\"M400 288h-352c-17.69 0-32-14.32-32-32.01s14.31-31.99 32-31.99h352c17.69 0 32 14.3 32 31.99S417.7 288 400 288z\"><\/path><\/svg>\n\t\t\t\t\t\t\t<\/span>\n\t\t\t<h3 class=\"uagb-question\">Mai<\/h3><\/div><div class=\"uagb-faq-content\"><p>3 mai :<strong> Juanlu Montoya, Marta Santos et Gonzalo Alhambra<\/strong>.<br>23 mai : <strong>Sohail Jazz Festival : Eric Alexander &amp; Rale Micic Quartet.<br><\/strong>24 mai : <strong>Myke Towers.<br><\/strong>25 mai : <strong>Chayanne.<br><\/strong>30 et 31 mai, 1er juin : <strong>Fulanita Fest avec Vanesa Mart\u00edn, Lia Kali, La Mare, Ptazeta et d&rsquo;autres artistes.<\/strong><\/p><\/div><\/div><div class=\"wp-block-uagb-faq-child uagb-faq-child__outer-wrap uagb-faq-item uagb-block-b1a84c04 \" role=\"tab\" tabindex=\"0\"><div class=\"uagb-faq-questions-button uagb-faq-questions\">\t\t\t<span class=\"uagb-icon uagb-faq-icon-wrap\">\n\t\t\t\t\t\t\t\t<svg xmlns=\"https:\/\/www.w3.org\/2000\/svg\" viewBox= \"0 0 448 512\"><path d=\"M432 256c0 17.69-14.33 32.01-32 32.01H256v144c0 17.69-14.33 31.99-32 31.99s-32-14.3-32-31.99v-144H48c-17.67 0-32-14.32-32-32.01s14.33-31.99 32-31.99H192v-144c0-17.69 14.33-32.01 32-32.01s32 14.32 32 32.01v144h144C417.7 224 432 238.3 432 256z\"><\/path><\/svg>\n\t\t\t\t\t\t\t<\/span>\n\t\t\t\t\t\t<span class=\"uagb-icon-active uagb-faq-icon-wrap\">\n\t\t\t\t\t\t\t\t<svg xmlns=\"https:\/\/www.w3.org\/2000\/svg\" viewBox= \"0 0 448 512\"><path d=\"M400 288h-352c-17.69 0-32-14.32-32-32.01s14.31-31.99 32-31.99h352c17.69 0 32 14.3 32 31.99S417.7 288 400 288z\"><\/path><\/svg>\n\t\t\t\t\t\t\t<\/span>\n\t\t\t<h3 class=\"uagb-question\">Juin<\/h3><\/div><div class=\"uagb-faq-content\"><p>7 juin :<strong>  The Blaze.<br><\/strong>12 juin :<strong>  Festival de jazz de Sohail : The Blues Horses.<br><\/strong>13 juin :  <strong>Rosario Flores.<br><\/strong>14 juin :  <strong>Andy et Lucas.<br><\/strong>19 juin :  <strong>Festival de jazz Sohail : Cecilia Krull Quartet.<br><\/strong>20 juin :  <strong>Man\u00e1 avec les artistes invit\u00e9s Chambao et Efecto Mariposa.<br><\/strong>21 juin :  <strong>Il Volo.<br><\/strong>27 juin :<strong>  Ha*Ash.<br><\/strong>28 juin :  <strong>Ojete Calor.<\/strong><\/p><\/div><\/div><div class=\"wp-block-uagb-faq-child uagb-faq-child__outer-wrap uagb-faq-item uagb-block-a294195e \" role=\"tab\" tabindex=\"0\"><div class=\"uagb-faq-questions-button uagb-faq-questions\">\t\t\t<span class=\"uagb-icon uagb-faq-icon-wrap\">\n\t\t\t\t\t\t\t\t<svg xmlns=\"https:\/\/www.w3.org\/2000\/svg\" viewBox= \"0 0 448 512\"><path d=\"M432 256c0 17.69-14.33 32.01-32 32.01H256v144c0 17.69-14.33 31.99-32 31.99s-32-14.3-32-31.99v-144H48c-17.67 0-32-14.32-32-32.01s14.33-31.99 32-31.99H192v-144c0-17.69 14.33-32.01 32-32.01s32 14.32 32 32.01v144h144C417.7 224 432 238.3 432 256z\"><\/path><\/svg>\n\t\t\t\t\t\t\t<\/span>\n\t\t\t\t\t\t<span class=\"uagb-icon-active uagb-faq-icon-wrap\">\n\t\t\t\t\t\t\t\t<svg xmlns=\"https:\/\/www.w3.org\/2000\/svg\" viewBox= \"0 0 448 512\"><path d=\"M400 288h-352c-17.69 0-32-14.32-32-32.01s14.31-31.99 32-31.99h352c17.69 0 32 14.3 32 31.99S417.7 288 400 288z\"><\/path><\/svg>\n\t\t\t\t\t\t\t<\/span>\n\t\t\t<h3 class=\"uagb-question\">Juillet<\/h3><\/div><div class=\"uagb-faq-content\"><p>4 juillet : <strong>Anto\u00f1ito Molina.<br><\/strong>5 juillet : <strong>Molotov.<br><\/strong>6 juillet : <strong>Ozuna.<br><\/strong>15 juillet : <strong>Thirty Seconds to Mars.<br><\/strong>17 au 19 juillet :<strong> Sun &amp; Thunder Festival avec des groupes tels que Kreator, W.A.S.P., Accept, Opeth et d&rsquo;autres.<br><\/strong>25 juillet : <strong>Lionel Richie.<br><\/strong>26 juillet : <strong>The Prodigy.<br><\/strong>31 juillet :<strong> Vicente Amigo<\/strong>.<\/p><\/div><\/div><div class=\"wp-block-uagb-faq-child uagb-faq-child__outer-wrap uagb-faq-item uagb-block-81a34d4d \" role=\"tab\" tabindex=\"0\"><div class=\"uagb-faq-questions-button uagb-faq-questions\">\t\t\t<span class=\"uagb-icon uagb-faq-icon-wrap\">\n\t\t\t\t\t\t\t\t<svg xmlns=\"https:\/\/www.w3.org\/2000\/svg\" viewBox= \"0 0 448 512\"><path d=\"M432 256c0 17.69-14.33 32.01-32 32.01H256v144c0 17.69-14.33 31.99-32 31.99s-32-14.3-32-31.99v-144H48c-17.67 0-32-14.32-32-32.01s14.33-31.99 32-31.99H192v-144c0-17.69 14.33-32.01 32-32.01s32 14.32 32 32.01v144h144C417.7 224 432 238.3 432 256z\"><\/path><\/svg>\n\t\t\t\t\t\t\t<\/span>\n\t\t\t\t\t\t<span class=\"uagb-icon-active uagb-faq-icon-wrap\">\n\t\t\t\t\t\t\t\t<svg xmlns=\"https:\/\/www.w3.org\/2000\/svg\" viewBox= \"0 0 448 512\"><path d=\"M400 288h-352c-17.69 0-32-14.32-32-32.01s14.31-31.99 32-31.99h352c17.69 0 32 14.3 32 31.99S417.7 288 400 288z\"><\/path><\/svg>\n\t\t\t\t\t\t\t<\/span>\n\t\t\t<h3 class=\"uagb-question\">Ao\u00fbt<\/h3><\/div><div class=\"uagb-faq-content\"><p>1er ao\u00fbt :  <strong>Los Cuervos avec Mart\u00ednez Ares.<br><\/strong>2 ao\u00fbt :  <strong>Sebasti\u00e1n Yatra.<br><\/strong>6 ao\u00fbt :  <strong>Mar\u00eda Pel\u00e1e.<br><\/strong>7 ao\u00fbt :  <strong>Paloma San Basilio.<br><\/strong>9 ao\u00fbt :  <strong>Pihama Fest avec Orquesta Mondrag\u00f3n, Modestia Aparte et No Me Pises Que Llevo Chanclas.<br><\/strong>10 ao\u00fbt :<strong>  \u00c1ngel Mart\u00edn.<br><\/strong>13 ao\u00fbt :<strong>  Pecos.<br><\/strong>14 ao\u00fbt :<strong>  Bonnie Tyler.<br><\/strong>16 ao\u00fbt :<strong>  Carl Cox.<br><\/strong>17 ao\u00fbt :<strong>  Cantajuego.<br><\/strong>22 ao\u00fbt :  <strong>Pastora Soler.<br><\/strong>23 ao\u00fbt :  <strong>Leiva.<\/strong><\/p><\/div><\/div><div class=\"wp-block-uagb-faq-child uagb-faq-child__outer-wrap uagb-faq-item uagb-block-e62620ab \" role=\"tab\" tabindex=\"0\"><div class=\"uagb-faq-questions-button uagb-faq-questions\">\t\t\t<span class=\"uagb-icon uagb-faq-icon-wrap\">\n\t\t\t\t\t\t\t\t<svg xmlns=\"https:\/\/www.w3.org\/2000\/svg\" viewBox= \"0 0 448 512\"><path d=\"M432 256c0 17.69-14.33 32.01-32 32.01H256v144c0 17.69-14.33 31.99-32 31.99s-32-14.3-32-31.99v-144H48c-17.67 0-32-14.32-32-32.01s14.33-31.99 32-31.99H192v-144c0-17.69 14.33-32.01 32-32.01s32 14.32 32 32.01v144h144C417.7 224 432 238.3 432 256z\"><\/path><\/svg>\n\t\t\t\t\t\t\t<\/span>\n\t\t\t\t\t\t<span class=\"uagb-icon-active uagb-faq-icon-wrap\">\n\t\t\t\t\t\t\t\t<svg xmlns=\"https:\/\/www.w3.org\/2000\/svg\" viewBox= \"0 0 448 512\"><path d=\"M400 288h-352c-17.69 0-32-14.32-32-32.01s14.31-31.99 32-31.99h352c17.69 0 32 14.3 32 31.99S417.7 288 400 288z\"><\/path><\/svg>\n\t\t\t\t\t\t\t<\/span>\n\t\t\t<h3 class=\"uagb-question\">Septembre<\/h3><\/div><div class=\"uagb-faq-content\"><p>6 septembre :<strong> La Noche es Comedia.<br><\/strong>19 septembre :<strong> Eppu Normaali avec Iiro Rantala et Rock &amp; Roll Sensation.<\/strong><\/p><\/div><\/div><\/div>\n<p>Il est conseill\u00e9 de consulter le <a href=\"https:\/\/marenostrumfuengirola.com\/\" target=\"_blank\" rel=\"noreferrer noopener\">site officiel du Marenostrum pour obtenir des informations actualis\u00e9es et conna\u00eetre les \u00e9ventuels changements de programme<\/a>.<br\/><\/p>\n\n<h2 class=\"wp-block-heading\"><strong>Billets pour Marenostrum Fuengirola 2025<\/strong><\/h2>\n\n<p>Les billets pour le Marenostrum Fuengirola 2025 sont disponibles sur le site officiel du festival et sur les plateformes de vente autoris\u00e9es telles que El Corte Ingl\u00e9s. Il est recommand\u00e9 d&rsquo;acheter les billets \u00e0 l&rsquo;avance, car certains concerts peuvent se vendre rapidement. <br\/><\/p>\n\n<h2 class=\"wp-block-heading\">Comment se rendre \u00e0 Marenostrum Fuengirola<\/h2>\n\n<p>Le lieu est situ\u00e9 \u00e0 c\u00f4t\u00e9 du ch\u00e2teau de Sohail, sur le Paseo Mar\u00edtimo Rey de Espa\u00f1a \u00e0 Fuengirola. Pour vous y rendre, vous avez le choix entre <\/p>\n\n<p><strong>\u00c0 pied ou \u00e0 v\u00e9lo<\/strong>: si vous s\u00e9journez \u00e0 Fuengirola, la promenade est un endroit id\u00e9al pour <strong>se promener \u00e0 pied ou \u00e0 v\u00e9lo.<\/strong><\/p>\n\n<p><strong>Voiture<\/strong>: Acc\u00e8s direct depuis l&rsquo;autoroute A-7. Marenostrum 2025 aires de stationnement sont disponibles \u00e0 proximit\u00e9 du site. Il est conseill\u00e9 d&rsquo;arriver \u00e0 l&rsquo;avance pour s&rsquo;assurer une place de parking.  <\/p>\n\n<p><strong>Train<\/strong>: La station Fuengirola Cercan\u00edas (ligne C1) assure la liaison avec la ville de Malaga et d&rsquo;autres villes. Depuis la gare, le lieu de r\u00e9union se trouve \u00e0 environ 20 minutes de marche. <\/p>\n\n<p><strong>Bus<\/strong>: Plusieurs lignes de bus interurbaines s&rsquo;arr\u00eatent \u00e0 proximit\u00e9 du site.<\/p>\n\n<figure class=\"wp-block-image size-large\"><img decoding=\"async\" width=\"1024\" height=\"423\" src=\"https:\/\/granhotelcostadelsol.com\/wp-content\/uploads\/2025\/04\/plano-marenostrum-fuengirola-2025-1024x423.jpeg\" alt=\"plan d'&#xE9;tage Marenostrum Fuengirola 2025\" class=\"wp-image-2798\" srcset=\"https:\/\/granhotelcostadelsol.com\/wp-content\/uploads\/2025\/04\/plano-marenostrum-fuengirola-2025-1024x423.jpeg 1024w, https:\/\/granhotelcostadelsol.com\/wp-content\/uploads\/2025\/04\/plano-marenostrum-fuengirola-2025-300x124.jpeg 300w, https:\/\/granhotelcostadelsol.com\/wp-content\/uploads\/2025\/04\/plano-marenostrum-fuengirola-2025-768x318.jpeg 768w, https:\/\/granhotelcostadelsol.com\/wp-content\/uploads\/2025\/04\/plano-marenostrum-fuengirola-2025.jpeg 1400w\" sizes=\"(max-width: 1024px) 100vw, 1024px\" \/><\/figure>\n\n<h2 class=\"wp-block-heading\">Carte Marenostrum Fuengirola<\/h2>\n\n<p>Le plan du Marenostrum Fuengirola comprend plusieurs zones diff\u00e9rentes : zone g\u00e9n\u00e9rale, tribune, zone pr\u00e9f\u00e9rentielle, bars, restauration, toilettes, acc\u00e8s et zone VIP. Certains concerts ont lieu sur la colline du ch\u00e2teau et d&rsquo;autres sur la partie basse, pr\u00e8s de la mer. Le design change en fonction de la production de l&rsquo;\u00e9v\u00e9nement.  <br\/><\/p>\n\n<h2 class=\"wp-block-heading\">Restaurants pr\u00e8s de Marenostrum<\/h2>\n\n<p>Avant ou apr\u00e8s le concert, vous pouvez profiter d&rsquo;une offre gastronomique vari\u00e9e. Tout pr\u00e8s de la salle, vous trouverez des restaurants Marenostrum avec vue sur la mer, proposant une cuisine m\u00e9diterran\u00e9enne, des tapas, des fruits de mer et des options internationales.   <strong>Des food trucks sont \u00e9galement pr\u00e9sents \u00e0 l&rsquo;int\u00e9rieur du site les jours de l&rsquo;\u00e9v\u00e9nement.<\/strong><\/p>\n\n<div class=\"wp-block-group alignfull is-layout-constrained wp-block-group-is-layout-constrained\">\n<div style=\"height:24px\" aria-hidden=\"true\" class=\"wp-block-spacer\"><\/div>\n\n\n\n<div class=\"wp-block-buttons alignfull is-content-justification-center is-layout-flex wp-container-core-buttons-is-layout-16018d1d wp-block-buttons-is-layout-flex\">\n<div class=\"wp-block-button is-style-primary-outline booking-button\"><a class=\"wp-block-button__link wp-element-button\">R\u00c9SERVER AU GRAN HOTEL COSTA DEL SOL<\/a><\/div>\n<\/div>\n\n\n\n<div style=\"height:24px\" aria-hidden=\"true\" class=\"wp-block-spacer\"><\/div>\n<\/div>\n\n<figure class=\"wp-block-image size-full\"><img decoding=\"async\" width=\"1024\" height=\"474\" src=\"https:\/\/granhotelcostadelsol.com\/wp-content\/uploads\/2024\/09\/image.jpeg\" alt=\"Ext&#xE9;rieur du Gran Hotel Costa del Sol\" class=\"wp-image-724\" srcset=\"https:\/\/granhotelcostadelsol.com\/wp-content\/uploads\/2024\/09\/image.jpeg 1024w, https:\/\/granhotelcostadelsol.com\/wp-content\/uploads\/2024\/09\/image-300x139.jpeg 300w, https:\/\/granhotelcostadelsol.com\/wp-content\/uploads\/2024\/09\/image-768x356.jpeg 768w\" sizes=\"(max-width: 1024px) 100vw, 1024px\" \/><\/figure>\n\n<h2 class=\"wp-block-heading\"><strong>H\u00e9bergement recommand\u00e9 pour Marenostrum Fuengirola : Gran Hotel Costa del Sol<\/strong><\/h2>\n\n<p>Si vous cherchez un <a href=\"https:\/\/granhotelcostadelsol.com\/fr\/\">h\u00f4tel \u00e0 proximit\u00e9 pour profiter du festival en tout confort, le Gran Hotel Costa del Sol<\/a>, situ\u00e9 \u00e0 La Cala de Mijas, est un excellent choix. Il se trouve \u00e0 15 minutes en voiture du site de Marenostrum et propose des chambres avec vue sur la mer, une piscine, un <a href=\"https:\/\/granhotelcostadelsol.com\/fr\/hotel-tout-compris-sur-la-costa-del-sol\/\">service tout compris<\/a> et un acc\u00e8s facile \u00e0 l&rsquo;autoroute.<br\/>C&rsquo;est un <a href=\"https:\/\/granhotelcostadelsol.com\/fr\/hotel-pour-enfants-sur-la-costa-del-sol-destination-ideale-pour-les-familles\/\">h\u00f4tel 4 \u00e9toiles id\u00e9al pour les familles sur la Costa del Sol,<\/a> <a href=\"https:\/\/granhotelcostadelsol.com\/fr\/front-line-beach-hotel-a-mijas\/\">en bordure de la plage de Mijas Costa.<\/a> <\/p>\n","protected":false},"excerpt":{"rendered":"<p>Omnis qui.<\/p>\n","protected":false},"author":2,"featured_media":2797,"comment_status":"closed","ping_status":"closed","sticky":false,"template":"","format":"standard","meta":{"_acf_changed":false,"inline_featured_image":false,"_uag_custom_page_level_css":"","footnotes":""},"categories":[14],"tags":[],"class_list":["post-2879","post","type-post","status-publish","format-standard","has-post-thumbnail","hentry","category-costa-del-sol"],"acf":[],"uagb_featured_image_src":{"full":["https:\/\/granhotelcostadelsol.com\/wp-content\/uploads\/2025\/04\/concierto-marenostrum-fuengirola.jpg",1450,1088,false],"thumbnail":["https:\/\/granhotelcostadelsol.com\/wp-content\/uploads\/2025\/04\/concierto-marenostrum-fuengirola-150x150.jpg",150,150,true],"medium":["https:\/\/granhotelcostadelsol.com\/wp-content\/uploads\/2025\/04\/concierto-marenostrum-fuengirola-300x225.jpg",300,225,true],"medium_large":["https:\/\/granhotelcostadelsol.com\/wp-content\/uploads\/2025\/04\/concierto-marenostrum-fuengirola-768x576.jpg",768,576,true],"large":["https:\/\/granhotelcostadelsol.com\/wp-content\/uploads\/2025\/04\/concierto-marenostrum-fuengirola-1024x768.jpg",1024,768,true],"1536x1536":["https:\/\/granhotelcostadelsol.com\/wp-content\/uploads\/2025\/04\/concierto-marenostrum-fuengirola.jpg",1450,1088,false],"2048x2048":["https:\/\/granhotelcostadelsol.com\/wp-content\/uploads\/2025\/04\/concierto-marenostrum-fuengirola.jpg",1450,1088,false]},"uagb_author_info":{"display_name":"@nubeseo","author_link":"https:\/\/granhotelcostadelsol.com\/fr\/author\/nubeseo\/"},"uagb_comment_info":0,"uagb_excerpt":"Omnis qui.","_links":{"self":[{"href":"https:\/\/granhotelcostadelsol.com\/fr\/wp-json\/wp\/v2\/posts\/2879","targetHints":{"allow":["GET"]}}],"collection":[{"href":"https:\/\/granhotelcostadelsol.com\/fr\/wp-json\/wp\/v2\/posts"}],"about":[{"href":"https:\/\/granhotelcostadelsol.com\/fr\/wp-json\/wp\/v2\/types\/post"}],"author":[{"embeddable":true,"href":"https:\/\/granhotelcostadelsol.com\/fr\/wp-json\/wp\/v2\/users\/2"}],"replies":[{"embeddable":true,"href":"https:\/\/granhotelcostadelsol.com\/fr\/wp-json\/wp\/v2\/comments?post=2879"}],"version-history":[{"count":1,"href":"https:\/\/granhotelcostadelsol.com\/fr\/wp-json\/wp\/v2\/posts\/2879\/revisions"}],"predecessor-version":[{"id":2880,"href":"https:\/\/granhotelcostadelsol.com\/fr\/wp-json\/wp\/v2\/posts\/2879\/revisions\/2880"}],"wp:featuredmedia":[{"embeddable":true,"href":"https:\/\/granhotelcostadelsol.com\/fr\/wp-json\/wp\/v2\/media\/2797"}],"wp:attachment":[{"href":"https:\/\/granhotelcostadelsol.com\/fr\/wp-json\/wp\/v2\/media?parent=2879"}],"wp:term":[{"taxonomy":"category","embeddable":true,"href":"https:\/\/granhotelcostadelsol.com\/fr\/wp-json\/wp\/v2\/categories?post=2879"},{"taxonomy":"post_tag","embeddable":true,"href":"https:\/\/granhotelcostadelsol.com\/fr\/wp-json\/wp\/v2\/tags?post=2879"}],"curies":[{"name":"wp","href":"https:\/\/api.w.org\/{rel}","templated":true}]}}